{"id":2395,"date":"2015-08-08T17:44:57","date_gmt":"2015-08-08T15:44:57","guid":{"rendered":"https:\/\/www.hotel-in-sirmione.it\/?p=2395"},"modified":"2016-01-26T06:39:50","modified_gmt":"2016-01-26T05:39:50","slug":"feu-dartifice-sur-lac-de-garde","status":"publish","type":"post","link":"https:\/\/www.hotel-in-sirmione.it\/fr\/feu-dartifice-sur-lac-de-garde\/","title":{"rendered":"Feu d&#8217;artifice sur lac de Garde"},"content":{"rendered":"<h2>Feu d&#8217;artifice sur lac de Garde<\/h2>\n<p><strong>Calendrier des feux d&#8217;artifice sur lac de Garde<\/strong>,<\/p>\n<p>Feu d&#8217;artifice sur lac de Garde; comme \u00e9v\u00e9nement principal ou comme une conclusion d&#8217;autres \u00e9v\u00e9nements et les partis, l&#8217;attraction pour adultes et enfants, des familles. Des h\u00f4tels \u00e0 Sirmione six pratique pour acc\u00e9der \u00e0 tous les endroits du Lac de Garde Sal\u00f2 \u00e0 Garda.<\/p>\n\n\t\t<style type=\"text\/css\">\n\t\t\t#gallery-1 {\n\t\t\t\tmargin: auto;\n\t\t\t}\n\t\t\t#gallery-1 .gallery-item {\n\t\t\t\tfloat: left;\n\t\t\t\tmargin-top: 10px;\n\t\t\t\ttext-align: center;\n\t\t\t\twidth: 33%;\n\t\t\t}\n\t\t\t#gallery-1 img {\n\t\t\t\tborder: 2px solid #cfcfcf;\n\t\t\t}\n\t\t\t#gallery-1 .gallery-caption {\n\t\t\t\tmargin-left: 0;\n\t\t\t}\n\t\t\t\/* see gallery_shortcode() in wp-includes\/media.php *\/\n\t\t<\/style>\n\t\t<div id='gallery-1' class='gallery galleryid-2395 gallery-columns-3 gallery-size-thumbnail'><dl class='gallery-item'>\n\t\t\t<dt class='gallery-icon landscape'>\n\t\t\t\t<a href='https:\/\/www.hotel-in-sirmione.it\/fr\/fuochi-d-artificio-sul-garda\/fuochi-d-artificio-sul-garda-1\/'><img loading=\"lazy\" decoding=\"async\" width=\"300\" height=\"300\" src=\"https:\/\/www.hotel-in-sirmione.it\/wp-content\/uploads\/2015\/08\/fuochi-d-artificio-sul-garda-1-300x300.jpg\" class=\"attachment-thumbnail size-thumbnail\" alt=\"fuochi-d-artificio-sul-garda\" \/><\/a>\n\t\t\t<\/dt><\/dl><dl class='gallery-item'>\n\t\t\t<dt class='gallery-icon landscape'>\n\t\t\t\t<a href='https:\/\/www.hotel-in-sirmione.it\/fr\/fuochi-d-artificio-sul-garda\/fuochi-d-artificio-sul-garda-2\/'><img loading=\"lazy\" decoding=\"async\" width=\"300\" height=\"300\" src=\"https:\/\/www.hotel-in-sirmione.it\/wp-content\/uploads\/2015\/08\/fuochi-d-artificio-sul-garda-2-300x300.jpg\" class=\"attachment-thumbnail size-thumbnail\" alt=\"fuochi-d-artificio-sul-garda\" \/><\/a>\n\t\t\t<\/dt><\/dl><dl class='gallery-item'>\n\t\t\t<dt class='gallery-icon landscape'>\n\t\t\t\t<a href='https:\/\/www.hotel-in-sirmione.it\/fr\/fuochi-d-artificio-sul-garda\/fuochi-d-artificio-sul-garda-3\/'><img loading=\"lazy\" decoding=\"async\" width=\"300\" height=\"300\" src=\"https:\/\/www.hotel-in-sirmione.it\/wp-content\/uploads\/2015\/08\/fuochi-d-artificio-sul-garda-3-300x300.jpg\" class=\"attachment-thumbnail size-thumbnail\" alt=\"\" \/><\/a>\n\t\t\t<\/dt><\/dl><br style=\"clear: both\" \/>\n\t\t<\/div>\n\n<h4>CALENDRIER FEU D&#8217;ARTIFICE SUR LAC DE GARDE<\/h4>\n<p>&#8211; Juillet 6 &#8211; Valeggio<br \/>\n&#8211; Juillet 10 &#8211; Castelletto di Brenzone: F\u00eate de Notre-Dame de la Sant\u00e9<br \/>\n&#8211; Juillet 18 &#8211; Torbole sul Garda Firework<br \/>\n&#8211; Juillet 26 &#8211; Malcesine: F\u00eate de la Benigno Saints Patrons et Caro<br \/>\n&#8211; Le 28 Juillet &#8211; Ceredello, Caprino Veronese: F\u00eate de Santa Cristina<br \/>\n&#8211; 29 Juillet &#8211; Calmasino, Bardolino: F\u00eate de Sainte-Anne, 23.00<br \/>\n&#8211; Ao\u00fbt 4 &#8211; Brenzone: Feu d&#8217;artifice sur le lac de Garde<br \/>\n&#8211; Ao\u00fbt 8 &#8211; Lazise: F\u00eate de Notre-Dame des Neiges, \u00e0 23:15<br \/>\n&#8211; Ao\u00fbt 8 &#8211; Torri del Benaco r\u00e9gate finale Bisse del Garda &#8211; Lac Drapeau<br \/>\n&#8211; 9 Ao\u00fbt &#8211; Revolver, Desenzano del Garda: F\u00eate du lac, 23.00<br \/>\n&#8211; Ao\u00fbt 10 &#8211; Ponti sul Mincio &#8211; F\u00eate de San Gaetano<br \/>\n&#8211; Ao\u00fbt 11 &#8211; Maderno: lacustre, Feux d&#8217;artifice sur le lac de Garde<br \/>\n&#8211; Ao\u00fbt 14 &#8211; Limone: Nuit Jaune<br \/>\n&#8211; Ao\u00fbt 15 &#8211; Garde: Palio de<br \/>\n&#8211; Ao\u00fbt 16 San Martino della Battaglia, Desenzano del Garda<br \/>\n&#8211; Le 23 Ao\u00fbt &#8211; Padenghe sul Garda Padenghe m\u00e9di\u00e9vale 22.30<br \/>\n&#8211; 29 Ao\u00fbt &#8211; Riva del Garda Nuit du Conte de f\u00e9e, 22.00<br \/>\n&#8211; Ao\u00fbt 30 &#8211; Salo: Nuit de fin de l&#8217;\u00e9t\u00e9<br \/>\n&#8211; Septembre 5 &#8211; Desenzano del Garda: Nuit Blanche<br \/>\n&#8211; 5 Septembre &#8211; Navene, Malcesine: Navene in Festa<br \/>\n&#8211; Septembre 6 &#8211; Limone: lacustre, 22.00, Feux d&#8217;artifice sur le lac de Garde<br \/>\n&#8211; 9 Septembre &#8211; Cisano, Bardolino: Sagra dei Osei, 23.00<br \/>\n&#8211; 4 Octobre &#8211; Bardolino F\u00eate du Raisin, 23.00<\/p>\n<p><strong>Voir si il n&#8217;y a pas des <a href=\"https:\/\/www.hotel-in-sirmione.it\/fr\/category\/offres-des-hotels-en-sirmione\/\">offres des H\u00f4tels en Sirmione<\/a> pour ces dates<\/strong><\/p>\n","protected":false},"excerpt":{"rendered":"<p>Feu d&#8217;artifice sur lac de Garde Calendrier des feux d&#8217;artifice sur lac [&hellip;]<\/p>\n","protected":false},"author":4,"featured_media":2379,"comment_status":"open","ping_status":"open","sticky":false,"template":"","format":"standard","meta":{"footnotes":""},"categories":[140,671],"tags":[645,643,646,644],"class_list":["post-2395","post","type-post","status-publish","format-standard","has-post-thumbnail","hentry","category-evenements-au-sirmione","category-evenements-passes","tag-feu-dartifice-desenzano","tag-feu-dartifice-lac-de-garde","tag-feu-dartifice-peschiera","tag-feu-dartifice-sirmione"],"yoast_head":"<!-- This site is optimized with the Yoast SEO plugin v27.5 - https:\/\/yoast.com\/product\/yoast-seo-wordpress\/ -->\n<title>Feu d&#039;artifice sur lac de Garde | Calendrier\u00a0<\/title>\n<meta name=\"description\" content=\"Feu d&#039;artifice sur lac de Garde, le calendrier des feux d&#039;artifice dans les pays du lac de Garde pendant l&#039;\u00e9t\u00e9, Sirmione, Desenzano, Peschiera, .....\" \/>\n<meta name=\"robots\" content=\"index, follow, max-snippet:-1, max-image-preview:large, max-video-preview:-1\" \/>\n<link rel=\"canonical\" href=\"https:\/\/www.hotel-in-sirmione.it\/fr\/feu-dartifice-sur-lac-de-garde\/\" \/>\n<meta property=\"og:locale\" content=\"fr_FR\" \/>\n<meta property=\"og:type\" content=\"article\" \/>\n<meta property=\"og:title\" content=\"Feu d&#039;artifice sur lac de Garde | Calendrier\u00a0\" \/>\n<meta property=\"og:description\" content=\"Feu d&#039;artifice sur lac de Garde, le calendrier des feux d&#039;artifice dans les pays du lac de Garde pendant l&#039;\u00e9t\u00e9, Sirmione, Desenzano, Peschiera, .....\" \/>\n<meta property=\"og:url\" content=\"https:\/\/www.hotel-in-sirmione.it\/fr\/feu-dartifice-sur-lac-de-garde\/\" \/>\n<meta property=\"og:site_name\" content=\"Hotel in Sirmione\" \/>\n<meta property=\"article:published_time\" content=\"2015-08-08T15:44:57+00:00\" \/>\n<meta property=\"article:modified_time\" content=\"2016-01-26T05:39:50+00:00\" \/>\n<meta property=\"og:image\" content=\"https:\/\/www.hotel-in-sirmione.it\/wp-content\/uploads\/2015\/08\/fuochi-d-artificio-sul-garda-0.jpg\" \/>\n\t<meta property=\"og:image:width\" content=\"1280\" \/>\n\t<meta property=\"og:image:height\" content=\"720\" \/>\n\t<meta property=\"og:image:type\" content=\"image\/jpeg\" \/>\n<meta name=\"author\" content=\"colorart\" \/>\n<meta name=\"twitter:label1\" content=\"Written by\" \/>\n\t<meta name=\"twitter:data1\" content=\"colorart\" \/>\n\t<meta name=\"twitter:label2\" content=\"Est. reading time\" \/>\n\t<meta name=\"twitter:data2\" content=\"2 minutes\" \/>\n<script type=\"application\/ld+json\" class=\"yoast-schema-graph\">{\"@context\":\"https:\\\/\\\/schema.org\",\"@graph\":[{\"@type\":\"Article\",\"@id\":\"https:\\\/\\\/www.hotel-in-sirmione.it\\\/fr\\\/feu-dartifice-sur-lac-de-garde\\\/#article\",\"isPartOf\":{\"@id\":\"https:\\\/\\\/www.hotel-in-sirmione.it\\\/fr\\\/feu-dartifice-sur-lac-de-garde\\\/\"},\"author\":{\"name\":\"colorart\",\"@id\":\"https:\\\/\\\/www.hotel-in-sirmione.it\\\/#\\\/schema\\\/person\\\/bdc2192040efccbbbaede82e2981c340\"},\"headline\":\"Feu d&#8217;artifice sur lac de Garde\",\"datePublished\":\"2015-08-08T15:44:57+00:00\",\"dateModified\":\"2016-01-26T05:39:50+00:00\",\"mainEntityOfPage\":{\"@id\":\"https:\\\/\\\/www.hotel-in-sirmione.it\\\/fr\\\/feu-dartifice-sur-lac-de-garde\\\/\"},\"wordCount\":340,\"commentCount\":0,\"image\":{\"@id\":\"https:\\\/\\\/www.hotel-in-sirmione.it\\\/fr\\\/feu-dartifice-sur-lac-de-garde\\\/#primaryimage\"},\"thumbnailUrl\":\"https:\\\/\\\/www.hotel-in-sirmione.it\\\/wp-content\\\/uploads\\\/2015\\\/08\\\/fuochi-d-artificio-sul-garda-0.jpg\",\"keywords\":[\"Feu d'artifice desenzano\",\"Feu d'artifice lac de Garde\",\"Feu d'artifice Peschiera\",\"Feu d'artifice Sirmione\"],\"articleSection\":[\"\u00e9v\u00e9nements\",\"\u00e9v\u00e9nements pass\u00e9s\"],\"inLanguage\":\"fr-FR\",\"potentialAction\":[{\"@type\":\"CommentAction\",\"name\":\"Comment\",\"target\":[\"https:\\\/\\\/www.hotel-in-sirmione.it\\\/fr\\\/feu-dartifice-sur-lac-de-garde\\\/#respond\"]}]},{\"@type\":\"WebPage\",\"@id\":\"https:\\\/\\\/www.hotel-in-sirmione.it\\\/fr\\\/feu-dartifice-sur-lac-de-garde\\\/\",\"url\":\"https:\\\/\\\/www.hotel-in-sirmione.it\\\/fr\\\/feu-dartifice-sur-lac-de-garde\\\/\",\"name\":\"Feu d'artifice sur lac de Garde | Calendrier\u00a0\",\"isPartOf\":{\"@id\":\"https:\\\/\\\/www.hotel-in-sirmione.it\\\/#website\"},\"primaryImageOfPage\":{\"@id\":\"https:\\\/\\\/www.hotel-in-sirmione.it\\\/fr\\\/feu-dartifice-sur-lac-de-garde\\\/#primaryimage\"},\"image\":{\"@id\":\"https:\\\/\\\/www.hotel-in-sirmione.it\\\/fr\\\/feu-dartifice-sur-lac-de-garde\\\/#primaryimage\"},\"thumbnailUrl\":\"https:\\\/\\\/www.hotel-in-sirmione.it\\\/wp-content\\\/uploads\\\/2015\\\/08\\\/fuochi-d-artificio-sul-garda-0.jpg\",\"datePublished\":\"2015-08-08T15:44:57+00:00\",\"dateModified\":\"2016-01-26T05:39:50+00:00\",\"author\":{\"@id\":\"https:\\\/\\\/www.hotel-in-sirmione.it\\\/#\\\/schema\\\/person\\\/bdc2192040efccbbbaede82e2981c340\"},\"description\":\"Feu d'artifice sur lac de Garde, le calendrier des feux d'artifice dans les pays du lac de Garde pendant l'\u00e9t\u00e9, Sirmione, Desenzano, Peschiera, .....\",\"breadcrumb\":{\"@id\":\"https:\\\/\\\/www.hotel-in-sirmione.it\\\/fr\\\/feu-dartifice-sur-lac-de-garde\\\/#breadcrumb\"},\"inLanguage\":\"fr-FR\",\"potentialAction\":[{\"@type\":\"ReadAction\",\"target\":[\"https:\\\/\\\/www.hotel-in-sirmione.it\\\/fr\\\/feu-dartifice-sur-lac-de-garde\\\/\"]}]},{\"@type\":\"ImageObject\",\"inLanguage\":\"fr-FR\",\"@id\":\"https:\\\/\\\/www.hotel-in-sirmione.it\\\/fr\\\/feu-dartifice-sur-lac-de-garde\\\/#primaryimage\",\"url\":\"https:\\\/\\\/www.hotel-in-sirmione.it\\\/wp-content\\\/uploads\\\/2015\\\/08\\\/fuochi-d-artificio-sul-garda-0.jpg\",\"contentUrl\":\"https:\\\/\\\/www.hotel-in-sirmione.it\\\/wp-content\\\/uploads\\\/2015\\\/08\\\/fuochi-d-artificio-sul-garda-0.jpg\",\"width\":1280,\"height\":720,\"caption\":\"fuochi-d-artificio-sul-garda\"},{\"@type\":\"BreadcrumbList\",\"@id\":\"https:\\\/\\\/www.hotel-in-sirmione.it\\\/fr\\\/feu-dartifice-sur-lac-de-garde\\\/#breadcrumb\",\"itemListElement\":[{\"@type\":\"ListItem\",\"position\":1,\"name\":\"Home\",\"item\":\"https:\\\/\\\/www.hotel-in-sirmione.it\\\/fr\\\/\"},{\"@type\":\"ListItem\",\"position\":2,\"name\":\"Feu d&#8217;artifice sur lac de Garde\"}]},{\"@type\":\"WebSite\",\"@id\":\"https:\\\/\\\/www.hotel-in-sirmione.it\\\/#website\",\"url\":\"https:\\\/\\\/www.hotel-in-sirmione.it\\\/\",\"name\":\"Hotel in Sirmione\",\"description\":\"Un nuovo sito targato WordPress\",\"potentialAction\":[{\"@type\":\"SearchAction\",\"target\":{\"@type\":\"EntryPoint\",\"urlTemplate\":\"https:\\\/\\\/www.hotel-in-sirmione.it\\\/?s={search_term_string}\"},\"query-input\":{\"@type\":\"PropertyValueSpecification\",\"valueRequired\":true,\"valueName\":\"search_term_string\"}}],\"inLanguage\":\"fr-FR\"},{\"@type\":\"Person\",\"@id\":\"https:\\\/\\\/www.hotel-in-sirmione.it\\\/#\\\/schema\\\/person\\\/bdc2192040efccbbbaede82e2981c340\",\"name\":\"colorart\",\"url\":\"https:\\\/\\\/www.hotel-in-sirmione.it\\\/fr\\\/author\\\/colorart\\\/\"}]}<\/script>\n<!-- \/ Yoast SEO plugin. -->","yoast_head_json":{"title":"Feu d'artifice sur lac de Garde | Calendrier\u00a0","description":"Feu d'artifice sur lac de Garde, le calendrier des feux d'artifice dans les pays du lac de Garde pendant l'\u00e9t\u00e9, Sirmione, Desenzano, Peschiera, .....","robots":{"index":"index","follow":"follow","max-snippet":"max-snippet:-1","max-image-preview":"max-image-preview:large","max-video-preview":"max-video-preview:-1"},"canonical":"https:\/\/www.hotel-in-sirmione.it\/fr\/feu-dartifice-sur-lac-de-garde\/","og_locale":"fr_FR","og_type":"article","og_title":"Feu d'artifice sur lac de Garde | Calendrier\u00a0","og_description":"Feu d'artifice sur lac de Garde, le calendrier des feux d'artifice dans les pays du lac de Garde pendant l'\u00e9t\u00e9, Sirmione, Desenzano, Peschiera, .....","og_url":"https:\/\/www.hotel-in-sirmione.it\/fr\/feu-dartifice-sur-lac-de-garde\/","og_site_name":"Hotel in Sirmione","article_published_time":"2015-08-08T15:44:57+00:00","article_modified_time":"2016-01-26T05:39:50+00:00","og_image":[{"width":1280,"height":720,"url":"https:\/\/www.hotel-in-sirmione.it\/wp-content\/uploads\/2015\/08\/fuochi-d-artificio-sul-garda-0.jpg","type":"image\/jpeg"}],"author":"colorart","twitter_misc":{"Written by":"colorart","Est. reading time":"2 minutes"},"schema":{"@context":"https:\/\/schema.org","@graph":[{"@type":"Article","@id":"https:\/\/www.hotel-in-sirmione.it\/fr\/feu-dartifice-sur-lac-de-garde\/#article","isPartOf":{"@id":"https:\/\/www.hotel-in-sirmione.it\/fr\/feu-dartifice-sur-lac-de-garde\/"},"author":{"name":"colorart","@id":"https:\/\/www.hotel-in-sirmione.it\/#\/schema\/person\/bdc2192040efccbbbaede82e2981c340"},"headline":"Feu d&#8217;artifice sur lac de Garde","datePublished":"2015-08-08T15:44:57+00:00","dateModified":"2016-01-26T05:39:50+00:00","mainEntityOfPage":{"@id":"https:\/\/www.hotel-in-sirmione.it\/fr\/feu-dartifice-sur-lac-de-garde\/"},"wordCount":340,"commentCount":0,"image":{"@id":"https:\/\/www.hotel-in-sirmione.it\/fr\/feu-dartifice-sur-lac-de-garde\/#primaryimage"},"thumbnailUrl":"https:\/\/www.hotel-in-sirmione.it\/wp-content\/uploads\/2015\/08\/fuochi-d-artificio-sul-garda-0.jpg","keywords":["Feu d'artifice desenzano","Feu d'artifice lac de Garde","Feu d'artifice Peschiera","Feu d'artifice Sirmione"],"articleSection":["\u00e9v\u00e9nements","\u00e9v\u00e9nements pass\u00e9s"],"inLanguage":"fr-FR","potentialAction":[{"@type":"CommentAction","name":"Comment","target":["https:\/\/www.hotel-in-sirmione.it\/fr\/feu-dartifice-sur-lac-de-garde\/#respond"]}]},{"@type":"WebPage","@id":"https:\/\/www.hotel-in-sirmione.it\/fr\/feu-dartifice-sur-lac-de-garde\/","url":"https:\/\/www.hotel-in-sirmione.it\/fr\/feu-dartifice-sur-lac-de-garde\/","name":"Feu d'artifice sur lac de Garde | Calendrier\u00a0","isPartOf":{"@id":"https:\/\/www.hotel-in-sirmione.it\/#website"},"primaryImageOfPage":{"@id":"https:\/\/www.hotel-in-sirmione.it\/fr\/feu-dartifice-sur-lac-de-garde\/#primaryimage"},"image":{"@id":"https:\/\/www.hotel-in-sirmione.it\/fr\/feu-dartifice-sur-lac-de-garde\/#primaryimage"},"thumbnailUrl":"https:\/\/www.hotel-in-sirmione.it\/wp-content\/uploads\/2015\/08\/fuochi-d-artificio-sul-garda-0.jpg","datePublished":"2015-08-08T15:44:57+00:00","dateModified":"2016-01-26T05:39:50+00:00","author":{"@id":"https:\/\/www.hotel-in-sirmione.it\/#\/schema\/person\/bdc2192040efccbbbaede82e2981c340"},"description":"Feu d'artifice sur lac de Garde, le calendrier des feux d'artifice dans les pays du lac de Garde pendant l'\u00e9t\u00e9, Sirmione, Desenzano, Peschiera, .....","breadcrumb":{"@id":"https:\/\/www.hotel-in-sirmione.it\/fr\/feu-dartifice-sur-lac-de-garde\/#breadcrumb"},"inLanguage":"fr-FR","potentialAction":[{"@type":"ReadAction","target":["https:\/\/www.hotel-in-sirmione.it\/fr\/feu-dartifice-sur-lac-de-garde\/"]}]},{"@type":"ImageObject","inLanguage":"fr-FR","@id":"https:\/\/www.hotel-in-sirmione.it\/fr\/feu-dartifice-sur-lac-de-garde\/#primaryimage","url":"https:\/\/www.hotel-in-sirmione.it\/wp-content\/uploads\/2015\/08\/fuochi-d-artificio-sul-garda-0.jpg","contentUrl":"https:\/\/www.hotel-in-sirmione.it\/wp-content\/uploads\/2015\/08\/fuochi-d-artificio-sul-garda-0.jpg","width":1280,"height":720,"caption":"fuochi-d-artificio-sul-garda"},{"@type":"BreadcrumbList","@id":"https:\/\/www.hotel-in-sirmione.it\/fr\/feu-dartifice-sur-lac-de-garde\/#breadcrumb","itemListElement":[{"@type":"ListItem","position":1,"name":"Home","item":"https:\/\/www.hotel-in-sirmione.it\/fr\/"},{"@type":"ListItem","position":2,"name":"Feu d&#8217;artifice sur lac de Garde"}]},{"@type":"WebSite","@id":"https:\/\/www.hotel-in-sirmione.it\/#website","url":"https:\/\/www.hotel-in-sirmione.it\/","name":"Hotel in Sirmione","description":"Un nuovo sito targato WordPress","potentialAction":[{"@type":"SearchAction","target":{"@type":"EntryPoint","urlTemplate":"https:\/\/www.hotel-in-sirmione.it\/?s={search_term_string}"},"query-input":{"@type":"PropertyValueSpecification","valueRequired":true,"valueName":"search_term_string"}}],"inLanguage":"fr-FR"},{"@type":"Person","@id":"https:\/\/www.hotel-in-sirmione.it\/#\/schema\/person\/bdc2192040efccbbbaede82e2981c340","name":"colorart","url":"https:\/\/www.hotel-in-sirmione.it\/fr\/author\/colorart\/"}]}},"_links":{"self":[{"href":"https:\/\/www.hotel-in-sirmione.it\/fr\/wp-json\/wp\/v2\/posts\/2395","targetHints":{"allow":["GET"]}}],"collection":[{"href":"https:\/\/www.hotel-in-sirmione.it\/fr\/wp-json\/wp\/v2\/posts"}],"about":[{"href":"https:\/\/www.hotel-in-sirmione.it\/fr\/wp-json\/wp\/v2\/types\/post"}],"author":[{"embeddable":true,"href":"https:\/\/www.hotel-in-sirmione.it\/fr\/wp-json\/wp\/v2\/users\/4"}],"replies":[{"embeddable":true,"href":"https:\/\/www.hotel-in-sirmione.it\/fr\/wp-json\/wp\/v2\/comments?post=2395"}],"version-history":[{"count":3,"href":"https:\/\/www.hotel-in-sirmione.it\/fr\/wp-json\/wp\/v2\/posts\/2395\/revisions"}],"predecessor-version":[{"id":3674,"href":"https:\/\/www.hotel-in-sirmione.it\/fr\/wp-json\/wp\/v2\/posts\/2395\/revisions\/3674"}],"wp:featuredmedia":[{"embeddable":true,"href":"https:\/\/www.hotel-in-sirmione.it\/fr\/wp-json\/wp\/v2\/media\/2379"}],"wp:attachment":[{"href":"https:\/\/www.hotel-in-sirmione.it\/fr\/wp-json\/wp\/v2\/media?parent=2395"}],"wp:term":[{"taxonomy":"category","embeddable":true,"href":"https:\/\/www.hotel-in-sirmione.it\/fr\/wp-json\/wp\/v2\/categories?post=2395"},{"taxonomy":"post_tag","embeddable":true,"href":"https:\/\/www.hotel-in-sirmione.it\/fr\/wp-json\/wp\/v2\/tags?post=2395"}],"curies":[{"name":"wp","href":"https:\/\/api.w.org\/{rel}","templated":true}]}}