{"id":1734,"date":"2016-01-17T17:05:56","date_gmt":"2016-01-17T16:05:56","guid":{"rendered":"https:\/\/www.hotel-in-sirmione.it\/?p=1734"},"modified":"2016-01-17T17:06:33","modified_gmt":"2016-01-17T16:06:33","slug":"foire-verona-abitare-tempo","status":"publish","type":"post","link":"https:\/\/www.hotel-in-sirmione.it\/fr\/foire-verona-abitare-tempo\/","title":{"rendered":"Foire Verona &#8211; Abitare il Tempo"},"content":{"rendered":"<h2>Abitare il Tempo<\/h2>\n<h3>Foire Verona Centre 28 Septembre &#8211; 1 Octobre<\/h3>\n<p>Abitare il Tempo est un salon qui a subi un changement important compte tenu de la nature changeante de l&#8217;industrie, l&#8217;exposition de mobilier pour un visiteur de projet \u00e9quitable, con\u00e7u pour les employ\u00e9s du secteur, les propri\u00e9taires des commerces, des d\u00e9corateurs d&#8217;int\u00e9rieur, \u00e0 architectes, qui doivent renouveler leur m\u00e9thode d&#8217;approche importance croissante de la client\u00e8le pour la vente d&#8217;un \u00abprojet\u00bb meubles et pas seulement des produits.<\/p>\n<p>Abitare il tempo 100% Project est un \u00e9v\u00e9nement tr\u00e8s diff\u00e9rent des foires commerciales habituelles est r\u00e9gl\u00e9 en grande partie sur l&#8217;information, la connaissance, l&#8217;\u00e9change d&#8217;informations et le contraste des id\u00e9es et des exposants soluzioni.Gli sont des petites et moyennes entreprises dans la conception, les laboratoires, tailleurs, tuttelegate en ayant des histoires de r\u00e9ussite entrepreneuriale; espaces dans lorodedicati ont \u00e9t\u00e9 mis \u00e0 l&#8217;\u00e9chelle pour se concentrer uniquement sur ci\u00f2che les distingue des autres entreprises. Le pivot de l&#8217;\u00e9v\u00e9nement sont un des ateliers techniques moltitudinedi d\u00e9tenus par des experts de diff\u00e9rents domaines pour r\u00e9pondre edapprofondire diverses questions, depuis la cr\u00e9ation du design de mobilier diinterni et points de vente, les techniques de vente.<\/p>\n\n\t\t<style type=\"text\/css\">\n\t\t\t#gallery-1 {\n\t\t\t\tmargin: auto;\n\t\t\t}\n\t\t\t#gallery-1 .gallery-item {\n\t\t\t\tfloat: left;\n\t\t\t\tmargin-top: 10px;\n\t\t\t\ttext-align: center;\n\t\t\t\twidth: 33%;\n\t\t\t}\n\t\t\t#gallery-1 img {\n\t\t\t\tborder: 2px solid #cfcfcf;\n\t\t\t}\n\t\t\t#gallery-1 .gallery-caption {\n\t\t\t\tmargin-left: 0;\n\t\t\t}\n\t\t\t\/* see gallery_shortcode() in wp-includes\/media.php *\/\n\t\t<\/style>\n\t\t<div id='gallery-1' class='gallery galleryid-1734 gallery-columns-3 gallery-size-thumbnail'><dl class='gallery-item'>\n\t\t\t<dt class='gallery-icon landscape'>\n\t\t\t\t<a href='https:\/\/www.hotel-in-sirmione.it\/fr\/fiera-verona-abitare-il-tempo\/abitare-il-tempo-100-project-1a\/'><img loading=\"lazy\" decoding=\"async\" width=\"300\" height=\"200\" src=\"https:\/\/www.hotel-in-sirmione.it\/wp-content\/uploads\/2015\/03\/abitare-il-tempo-100-project-1a.jpg\" class=\"attachment-thumbnail size-thumbnail\" alt=\"fiera-abitare-il-tempo\" aria-describedby=\"gallery-1-1778\" \/><\/a>\n\t\t\t<\/dt>\n\t\t\t\t<dd class='wp-caption-text gallery-caption' id='gallery-1-1778'>\n\t\t\t\tfiera-abitare-il-tempo\n\t\t\t\t<\/dd><\/dl><dl class='gallery-item'>\n\t\t\t<dt class='gallery-icon landscape'>\n\t\t\t\t<a href='https:\/\/www.hotel-in-sirmione.it\/fr\/fiera-verona-abitare-il-tempo\/abitare-il-tempo-100-project-2a\/'><img loading=\"lazy\" decoding=\"async\" width=\"300\" height=\"200\" src=\"https:\/\/www.hotel-in-sirmione.it\/wp-content\/uploads\/2015\/03\/abitare-il-tempo-100-project-2a.jpg\" class=\"attachment-thumbnail size-thumbnail\" alt=\"fiera-abitare-il-tempo\" aria-describedby=\"gallery-1-1779\" \/><\/a>\n\t\t\t<\/dt>\n\t\t\t\t<dd class='wp-caption-text gallery-caption' id='gallery-1-1779'>\n\t\t\t\tfiera-abitare-il-tempo\n\t\t\t\t<\/dd><\/dl><dl class='gallery-item'>\n\t\t\t<dt class='gallery-icon landscape'>\n\t\t\t\t<a href='https:\/\/www.hotel-in-sirmione.it\/fr\/fiera-verona-abitare-il-tempo\/abitare-il-tempo-100-project-3a\/'><img loading=\"lazy\" decoding=\"async\" width=\"300\" height=\"205\" src=\"https:\/\/www.hotel-in-sirmione.it\/wp-content\/uploads\/2015\/03\/abitare-il-tempo-100-project-3a.jpg\" class=\"attachment-thumbnail size-thumbnail\" alt=\"fiera-abitare-il-tempo\" aria-describedby=\"gallery-1-1780\" \/><\/a>\n\t\t\t<\/dt>\n\t\t\t\t<dd class='wp-caption-text gallery-caption' id='gallery-1-1780'>\n\t\t\t\tfiera-abitare-il-tempo\n\t\t\t\t<\/dd><\/dl><br style=\"clear: both\" \/>\n\t\t<\/div>\n\n<p>Heures:<br \/>\n9 heures 30-18h00<\/p>\n<p>Billets:<br \/>\nadmission pour les membres de l&#8217;industrie, pour un prix et avec inscription obligatoire. Entr\u00e9e gratuite pour les op\u00e9rateurs invit\u00e9s par les exposants.<\/p>\n<p>Plein \u20ac 25,00<\/p>\n<p>Voir si il ya des offres sp\u00e9ciales pour cette p\u00e9riode de l&#8217;H\u00f4tel \u00e0 Sirmione<\/p>\n<p><a href=\"https:\/\/www.hotel-in-sirmione.it\/fr\/category\/offres-des-hotels-en-sirmione\/\"><img loading=\"lazy\" decoding=\"async\" class=\"size-full wp-image-1479 alignnone\" src=\"https:\/\/www.hotel-in-sirmione.it\/wp-content\/uploads\/2015\/03\/bottone-preventivo-fr.gif\" alt=\"bottone-preventivo-fr\" width=\"300\" height=\"30\" \/><\/a><\/p>\n","protected":false},"excerpt":{"rendered":"<p>Abitare il Tempo Foire Verona Centre 28 Septembre &#8211; 1 Octobre Abitare [&hellip;]<\/p>\n","protected":false},"author":4,"featured_media":468,"comment_status":"open","ping_status":"open","sticky":false,"template":"","format":"standard","meta":{"footnotes":""},"categories":[140,671],"tags":[],"class_list":["post-1734","post","type-post","status-publish","format-standard","has-post-thumbnail","hentry","category-evenements-au-sirmione","category-evenements-passes"],"yoast_head":"<!-- This site is optimized with the Yoast SEO plugin v27.5 - https:\/\/yoast.com\/product\/yoast-seo-wordpress\/ -->\n<title>Abitare il Tempo | Foire Verona Centre | Hotel in Sirmione<\/title>\n<meta name=\"description\" content=\"Abitare il tempo\u00a0 est un \u00e9v\u00e9nement tr\u00e8s diff\u00e9rent des foires commerciales habituelles est r\u00e9gl\u00e9 en grande partie sur l&#039;information, la connaissance\" \/>\n<meta name=\"robots\" content=\"index, follow, max-snippet:-1, max-image-preview:large, max-video-preview:-1\" \/>\n<link rel=\"canonical\" href=\"https:\/\/www.hotel-in-sirmione.it\/fr\/foire-verona-abitare-tempo\/\" \/>\n<meta property=\"og:locale\" content=\"fr_FR\" \/>\n<meta property=\"og:type\" content=\"article\" \/>\n<meta property=\"og:title\" content=\"Abitare il Tempo | Foire Verona Centre | Hotel in Sirmione\" \/>\n<meta property=\"og:description\" content=\"Abitare il tempo\u00a0 est un \u00e9v\u00e9nement tr\u00e8s diff\u00e9rent des foires commerciales habituelles est r\u00e9gl\u00e9 en grande partie sur l&#039;information, la connaissance\" \/>\n<meta property=\"og:url\" content=\"https:\/\/www.hotel-in-sirmione.it\/fr\/foire-verona-abitare-tempo\/\" \/>\n<meta property=\"og:site_name\" content=\"Hotel in Sirmione\" \/>\n<meta property=\"article:published_time\" content=\"2016-01-17T16:05:56+00:00\" \/>\n<meta property=\"article:modified_time\" content=\"2016-01-17T16:06:33+00:00\" \/>\n<meta property=\"og:image\" content=\"https:\/\/www.hotel-in-sirmione.it\/wp-content\/uploads\/2015\/01\/fiera-verona-abitare-il-tempo-100-project-150.jpg\" \/>\n\t<meta property=\"og:image:width\" content=\"150\" \/>\n\t<meta property=\"og:image:height\" content=\"150\" \/>\n\t<meta property=\"og:image:type\" content=\"image\/jpeg\" \/>\n<meta name=\"author\" content=\"colorart\" \/>\n<meta name=\"twitter:label1\" content=\"Written by\" \/>\n\t<meta name=\"twitter:data1\" content=\"colorart\" \/>\n\t<meta name=\"twitter:label2\" content=\"Est. reading time\" \/>\n\t<meta name=\"twitter:data2\" content=\"1 minute\" \/>\n<script type=\"application\/ld+json\" class=\"yoast-schema-graph\">{\"@context\":\"https:\\\/\\\/schema.org\",\"@graph\":[{\"@type\":\"Article\",\"@id\":\"https:\\\/\\\/www.hotel-in-sirmione.it\\\/fr\\\/foire-verona-abitare-tempo\\\/#article\",\"isPartOf\":{\"@id\":\"https:\\\/\\\/www.hotel-in-sirmione.it\\\/fr\\\/foire-verona-abitare-tempo\\\/\"},\"author\":{\"name\":\"colorart\",\"@id\":\"https:\\\/\\\/www.hotel-in-sirmione.it\\\/#\\\/schema\\\/person\\\/bdc2192040efccbbbaede82e2981c340\"},\"headline\":\"Foire Verona &#8211; Abitare il Tempo\",\"datePublished\":\"2016-01-17T16:05:56+00:00\",\"dateModified\":\"2016-01-17T16:06:33+00:00\",\"mainEntityOfPage\":{\"@id\":\"https:\\\/\\\/www.hotel-in-sirmione.it\\\/fr\\\/foire-verona-abitare-tempo\\\/\"},\"wordCount\":270,\"commentCount\":0,\"image\":{\"@id\":\"https:\\\/\\\/www.hotel-in-sirmione.it\\\/fr\\\/foire-verona-abitare-tempo\\\/#primaryimage\"},\"thumbnailUrl\":\"https:\\\/\\\/www.hotel-in-sirmione.it\\\/wp-content\\\/uploads\\\/2015\\\/01\\\/fiera-verona-abitare-il-tempo-100-project-150.jpg\",\"articleSection\":[\"\u00e9v\u00e9nements\",\"\u00e9v\u00e9nements pass\u00e9s\"],\"inLanguage\":\"fr-FR\",\"potentialAction\":[{\"@type\":\"CommentAction\",\"name\":\"Comment\",\"target\":[\"https:\\\/\\\/www.hotel-in-sirmione.it\\\/fr\\\/foire-verona-abitare-tempo\\\/#respond\"]}]},{\"@type\":\"WebPage\",\"@id\":\"https:\\\/\\\/www.hotel-in-sirmione.it\\\/fr\\\/foire-verona-abitare-tempo\\\/\",\"url\":\"https:\\\/\\\/www.hotel-in-sirmione.it\\\/fr\\\/foire-verona-abitare-tempo\\\/\",\"name\":\"Abitare il Tempo | Foire Verona Centre | Hotel in Sirmione\",\"isPartOf\":{\"@id\":\"https:\\\/\\\/www.hotel-in-sirmione.it\\\/#website\"},\"primaryImageOfPage\":{\"@id\":\"https:\\\/\\\/www.hotel-in-sirmione.it\\\/fr\\\/foire-verona-abitare-tempo\\\/#primaryimage\"},\"image\":{\"@id\":\"https:\\\/\\\/www.hotel-in-sirmione.it\\\/fr\\\/foire-verona-abitare-tempo\\\/#primaryimage\"},\"thumbnailUrl\":\"https:\\\/\\\/www.hotel-in-sirmione.it\\\/wp-content\\\/uploads\\\/2015\\\/01\\\/fiera-verona-abitare-il-tempo-100-project-150.jpg\",\"datePublished\":\"2016-01-17T16:05:56+00:00\",\"dateModified\":\"2016-01-17T16:06:33+00:00\",\"author\":{\"@id\":\"https:\\\/\\\/www.hotel-in-sirmione.it\\\/#\\\/schema\\\/person\\\/bdc2192040efccbbbaede82e2981c340\"},\"description\":\"Abitare il tempo\u00a0 est un \u00e9v\u00e9nement tr\u00e8s diff\u00e9rent des foires commerciales habituelles est r\u00e9gl\u00e9 en grande partie sur l'information, la connaissance\",\"breadcrumb\":{\"@id\":\"https:\\\/\\\/www.hotel-in-sirmione.it\\\/fr\\\/foire-verona-abitare-tempo\\\/#breadcrumb\"},\"inLanguage\":\"fr-FR\",\"potentialAction\":[{\"@type\":\"ReadAction\",\"target\":[\"https:\\\/\\\/www.hotel-in-sirmione.it\\\/fr\\\/foire-verona-abitare-tempo\\\/\"]}]},{\"@type\":\"ImageObject\",\"inLanguage\":\"fr-FR\",\"@id\":\"https:\\\/\\\/www.hotel-in-sirmione.it\\\/fr\\\/foire-verona-abitare-tempo\\\/#primaryimage\",\"url\":\"https:\\\/\\\/www.hotel-in-sirmione.it\\\/wp-content\\\/uploads\\\/2015\\\/01\\\/fiera-verona-abitare-il-tempo-100-project-150.jpg\",\"contentUrl\":\"https:\\\/\\\/www.hotel-in-sirmione.it\\\/wp-content\\\/uploads\\\/2015\\\/01\\\/fiera-verona-abitare-il-tempo-100-project-150.jpg\",\"width\":150,\"height\":150,\"caption\":\"fiera-verona-abitare-il-tempo-100-project\"},{\"@type\":\"BreadcrumbList\",\"@id\":\"https:\\\/\\\/www.hotel-in-sirmione.it\\\/fr\\\/foire-verona-abitare-tempo\\\/#breadcrumb\",\"itemListElement\":[{\"@type\":\"ListItem\",\"position\":1,\"name\":\"Home\",\"item\":\"https:\\\/\\\/www.hotel-in-sirmione.it\\\/fr\\\/\"},{\"@type\":\"ListItem\",\"position\":2,\"name\":\"Foire Verona &#8211; Abitare il Tempo\"}]},{\"@type\":\"WebSite\",\"@id\":\"https:\\\/\\\/www.hotel-in-sirmione.it\\\/#website\",\"url\":\"https:\\\/\\\/www.hotel-in-sirmione.it\\\/\",\"name\":\"Hotel in Sirmione\",\"description\":\"Un nuovo sito targato WordPress\",\"potentialAction\":[{\"@type\":\"SearchAction\",\"target\":{\"@type\":\"EntryPoint\",\"urlTemplate\":\"https:\\\/\\\/www.hotel-in-sirmione.it\\\/?s={search_term_string}\"},\"query-input\":{\"@type\":\"PropertyValueSpecification\",\"valueRequired\":true,\"valueName\":\"search_term_string\"}}],\"inLanguage\":\"fr-FR\"},{\"@type\":\"Person\",\"@id\":\"https:\\\/\\\/www.hotel-in-sirmione.it\\\/#\\\/schema\\\/person\\\/bdc2192040efccbbbaede82e2981c340\",\"name\":\"colorart\",\"url\":\"https:\\\/\\\/www.hotel-in-sirmione.it\\\/fr\\\/author\\\/colorart\\\/\"}]}<\/script>\n<!-- \/ Yoast SEO plugin. -->","yoast_head_json":{"title":"Abitare il Tempo | Foire Verona Centre | Hotel in Sirmione","description":"Abitare il tempo\u00a0 est un \u00e9v\u00e9nement tr\u00e8s diff\u00e9rent des foires commerciales habituelles est r\u00e9gl\u00e9 en grande partie sur l'information, la connaissance","robots":{"index":"index","follow":"follow","max-snippet":"max-snippet:-1","max-image-preview":"max-image-preview:large","max-video-preview":"max-video-preview:-1"},"canonical":"https:\/\/www.hotel-in-sirmione.it\/fr\/foire-verona-abitare-tempo\/","og_locale":"fr_FR","og_type":"article","og_title":"Abitare il Tempo | Foire Verona Centre | Hotel in Sirmione","og_description":"Abitare il tempo\u00a0 est un \u00e9v\u00e9nement tr\u00e8s diff\u00e9rent des foires commerciales habituelles est r\u00e9gl\u00e9 en grande partie sur l'information, la connaissance","og_url":"https:\/\/www.hotel-in-sirmione.it\/fr\/foire-verona-abitare-tempo\/","og_site_name":"Hotel in Sirmione","article_published_time":"2016-01-17T16:05:56+00:00","article_modified_time":"2016-01-17T16:06:33+00:00","og_image":[{"width":150,"height":150,"url":"https:\/\/www.hotel-in-sirmione.it\/wp-content\/uploads\/2015\/01\/fiera-verona-abitare-il-tempo-100-project-150.jpg","type":"image\/jpeg"}],"author":"colorart","twitter_misc":{"Written by":"colorart","Est. reading time":"1 minute"},"schema":{"@context":"https:\/\/schema.org","@graph":[{"@type":"Article","@id":"https:\/\/www.hotel-in-sirmione.it\/fr\/foire-verona-abitare-tempo\/#article","isPartOf":{"@id":"https:\/\/www.hotel-in-sirmione.it\/fr\/foire-verona-abitare-tempo\/"},"author":{"name":"colorart","@id":"https:\/\/www.hotel-in-sirmione.it\/#\/schema\/person\/bdc2192040efccbbbaede82e2981c340"},"headline":"Foire Verona &#8211; Abitare il Tempo","datePublished":"2016-01-17T16:05:56+00:00","dateModified":"2016-01-17T16:06:33+00:00","mainEntityOfPage":{"@id":"https:\/\/www.hotel-in-sirmione.it\/fr\/foire-verona-abitare-tempo\/"},"wordCount":270,"commentCount":0,"image":{"@id":"https:\/\/www.hotel-in-sirmione.it\/fr\/foire-verona-abitare-tempo\/#primaryimage"},"thumbnailUrl":"https:\/\/www.hotel-in-sirmione.it\/wp-content\/uploads\/2015\/01\/fiera-verona-abitare-il-tempo-100-project-150.jpg","articleSection":["\u00e9v\u00e9nements","\u00e9v\u00e9nements pass\u00e9s"],"inLanguage":"fr-FR","potentialAction":[{"@type":"CommentAction","name":"Comment","target":["https:\/\/www.hotel-in-sirmione.it\/fr\/foire-verona-abitare-tempo\/#respond"]}]},{"@type":"WebPage","@id":"https:\/\/www.hotel-in-sirmione.it\/fr\/foire-verona-abitare-tempo\/","url":"https:\/\/www.hotel-in-sirmione.it\/fr\/foire-verona-abitare-tempo\/","name":"Abitare il Tempo | Foire Verona Centre | Hotel in Sirmione","isPartOf":{"@id":"https:\/\/www.hotel-in-sirmione.it\/#website"},"primaryImageOfPage":{"@id":"https:\/\/www.hotel-in-sirmione.it\/fr\/foire-verona-abitare-tempo\/#primaryimage"},"image":{"@id":"https:\/\/www.hotel-in-sirmione.it\/fr\/foire-verona-abitare-tempo\/#primaryimage"},"thumbnailUrl":"https:\/\/www.hotel-in-sirmione.it\/wp-content\/uploads\/2015\/01\/fiera-verona-abitare-il-tempo-100-project-150.jpg","datePublished":"2016-01-17T16:05:56+00:00","dateModified":"2016-01-17T16:06:33+00:00","author":{"@id":"https:\/\/www.hotel-in-sirmione.it\/#\/schema\/person\/bdc2192040efccbbbaede82e2981c340"},"description":"Abitare il tempo\u00a0 est un \u00e9v\u00e9nement tr\u00e8s diff\u00e9rent des foires commerciales habituelles est r\u00e9gl\u00e9 en grande partie sur l'information, la connaissance","breadcrumb":{"@id":"https:\/\/www.hotel-in-sirmione.it\/fr\/foire-verona-abitare-tempo\/#breadcrumb"},"inLanguage":"fr-FR","potentialAction":[{"@type":"ReadAction","target":["https:\/\/www.hotel-in-sirmione.it\/fr\/foire-verona-abitare-tempo\/"]}]},{"@type":"ImageObject","inLanguage":"fr-FR","@id":"https:\/\/www.hotel-in-sirmione.it\/fr\/foire-verona-abitare-tempo\/#primaryimage","url":"https:\/\/www.hotel-in-sirmione.it\/wp-content\/uploads\/2015\/01\/fiera-verona-abitare-il-tempo-100-project-150.jpg","contentUrl":"https:\/\/www.hotel-in-sirmione.it\/wp-content\/uploads\/2015\/01\/fiera-verona-abitare-il-tempo-100-project-150.jpg","width":150,"height":150,"caption":"fiera-verona-abitare-il-tempo-100-project"},{"@type":"BreadcrumbList","@id":"https:\/\/www.hotel-in-sirmione.it\/fr\/foire-verona-abitare-tempo\/#breadcrumb","itemListElement":[{"@type":"ListItem","position":1,"name":"Home","item":"https:\/\/www.hotel-in-sirmione.it\/fr\/"},{"@type":"ListItem","position":2,"name":"Foire Verona &#8211; Abitare il Tempo"}]},{"@type":"WebSite","@id":"https:\/\/www.hotel-in-sirmione.it\/#website","url":"https:\/\/www.hotel-in-sirmione.it\/","name":"Hotel in Sirmione","description":"Un nuovo sito targato WordPress","potentialAction":[{"@type":"SearchAction","target":{"@type":"EntryPoint","urlTemplate":"https:\/\/www.hotel-in-sirmione.it\/?s={search_term_string}"},"query-input":{"@type":"PropertyValueSpecification","valueRequired":true,"valueName":"search_term_string"}}],"inLanguage":"fr-FR"},{"@type":"Person","@id":"https:\/\/www.hotel-in-sirmione.it\/#\/schema\/person\/bdc2192040efccbbbaede82e2981c340","name":"colorart","url":"https:\/\/www.hotel-in-sirmione.it\/fr\/author\/colorart\/"}]}},"_links":{"self":[{"href":"https:\/\/www.hotel-in-sirmione.it\/fr\/wp-json\/wp\/v2\/posts\/1734","targetHints":{"allow":["GET"]}}],"collection":[{"href":"https:\/\/www.hotel-in-sirmione.it\/fr\/wp-json\/wp\/v2\/posts"}],"about":[{"href":"https:\/\/www.hotel-in-sirmione.it\/fr\/wp-json\/wp\/v2\/types\/post"}],"author":[{"embeddable":true,"href":"https:\/\/www.hotel-in-sirmione.it\/fr\/wp-json\/wp\/v2\/users\/4"}],"replies":[{"embeddable":true,"href":"https:\/\/www.hotel-in-sirmione.it\/fr\/wp-json\/wp\/v2\/comments?post=1734"}],"version-history":[{"count":4,"href":"https:\/\/www.hotel-in-sirmione.it\/fr\/wp-json\/wp\/v2\/posts\/1734\/revisions"}],"predecessor-version":[{"id":3533,"href":"https:\/\/www.hotel-in-sirmione.it\/fr\/wp-json\/wp\/v2\/posts\/1734\/revisions\/3533"}],"wp:featuredmedia":[{"embeddable":true,"href":"https:\/\/www.hotel-in-sirmione.it\/fr\/wp-json\/wp\/v2\/media\/468"}],"wp:attachment":[{"href":"https:\/\/www.hotel-in-sirmione.it\/fr\/wp-json\/wp\/v2\/media?parent=1734"}],"wp:term":[{"taxonomy":"category","embeddable":true,"href":"https:\/\/www.hotel-in-sirmione.it\/fr\/wp-json\/wp\/v2\/categories?post=1734"},{"taxonomy":"post_tag","embeddable":true,"href":"https:\/\/www.hotel-in-sirmione.it\/fr\/wp-json\/wp\/v2\/tags?post=1734"}],"curies":[{"name":"wp","href":"https:\/\/api.w.org\/{rel}","templated":true}]}}