{"id":1559,"date":"2015-03-15T11:01:48","date_gmt":"2015-03-15T10:01:48","guid":{"rendered":"https:\/\/www.hotel-in-sirmione.it\/?p=1559"},"modified":"2017-02-22T03:31:34","modified_gmt":"2017-02-22T02:31:34","slug":"granfondo-colnago-4","status":"publish","type":"post","link":"https:\/\/www.hotel-in-sirmione.it\/fr\/granfondo-colnago-4\/","title":{"rendered":"Granfondo Colnago"},"content":{"rendered":"<h2>Granfondo Colnago Cycling Festival<\/h2>\n<h4>restera un \u00e9v\u00e9nement important et de nombreux participants,\u00a0Chaque ann\u00e9e en mai<\/h4>\n<p>Granfondo Colnago Cycling Festival: les trois voies principales se d\u00e9velopper entre le Valenesi et les collines morainiques du lac de Garde, une terre riche en beaut\u00e9 naturelle et connu pour le vin et la gastronomie.<br \/>\nTrois grands axes: \u00abcourt\u00bb d&#8217;environ 70 km, \u00abmoyen\u00bb d&#8217;environ 103 km et &#8220;Marathon&#8221; de 130 km, toujours \u00e0 partir de Desenzano del Garda, il ya deux voies pour les familles et les enfants: \u00abBike familiale avec go\u00fbt\u00bb et le &#8220;Baby Bike&#8221; d&#8217;apporter la moindre place \u00e0 la belle bicyclette.<\/p>\n<h4>PROGRAMME G\u00c9N\u00c9RAL\u00a0GRANFONDO COLNAGO<\/h4>\n<p><strong>vendredi<\/strong><br \/>\n&#8211; 10h00 Ouverture de la zone de l&#8217;Expo<br \/>\n&#8211; De 19,00 \u00e0 23,30 festival Nuit Blanche de v\u00e9lo Desenzano del Garda<\/p>\n<p><strong>samedi<\/strong><br \/>\n&#8211; 6.30 &#8211; Inscription Randonee Tour du Lac de Garde<br \/>\n&#8211; 8.00 &#8211; Punching Randonee Tour du Lac de Garde<br \/>\n&#8211; 8:00-8:30 D\u00e9part pour fran\u00e7ais Randonee Tour du Lac de Garde<br \/>\n&#8211; 10.00 Ouverture &#8211; zone de l&#8217;Expo<br \/>\n&#8211; 10.00 &#8211; Ouverture salle de presse<br \/>\n&#8211; 12.00 &#8211; heure pr\u00e9vue premi\u00e8res arriv\u00e9es de courte dur\u00e9e Randonee<br \/>\n&#8211; 10h00-12h00 et de 14h00 \u00e0 7:00 h Bibs -Distribution<br \/>\n&#8211; 14:00-19:00 abonn\u00e9s &#8211; Famille avec go\u00fbt<br \/>\n&#8211; 14h00-15h30 abonn\u00e9s &#8211; b\u00e9b\u00e9 v\u00e9lo<br \/>\n&#8211; 16.00 &#8211; Heure estim\u00e9e d&#8217; arriv\u00e9e premier chemin de long Randonee<br \/>\n&#8211; 16:00 D\u00e9part v\u00e9lo de b\u00e9b\u00e9<br \/>\n&#8211; 17h30 &#8211; v\u00e9lo b\u00e9b\u00e9 prix<br \/>\n&#8211; 20h30 &#8211; D\u00eener et visiteurs Autorit\u00e9<\/p>\n<p><strong>dimanche<\/strong><br \/>\n&#8211; 8.00 &#8211; Zone ouverte Expo<br \/>\n&#8211; 8.00 &#8211; Espace Ouvert d&#8217;accueil<br \/>\n&#8211; De 6,30 \u00e0 8,00 &#8211; Tablier de distribution<br \/>\n&#8211; 8.15 &#8211; L&#8217;entr\u00e9e de d\u00e9marrage grilles d\u00e9parts<br \/>\n&#8211; 8.15 &#8211; Allocution de bienvenue \u00e0 la presse<br \/>\n&#8211; 8.25 &#8211; D\u00e9part de Garde L\u00e9gende<br \/>\n&#8211; 08h30 chemin court -out<br \/>\n&#8211; 9.00 &#8211; D\u00e9part Marathon Moyen et en bas<br \/>\n&#8211; 9h30 &#8211; Hors de v\u00e9lo de famille avec go\u00fbt<br \/>\n&#8211; 10h30 &#8211; Heure estim\u00e9e d&#8217;arriv\u00e9e de Garde L\u00e9gende<br \/>\n&#8211; Vainqueur de temps d&#8217;arriv\u00e9e court &#8211; 10h30<br \/>\n&#8211; 11.00 &#8211; gagnant du temps d&#8217;arriv\u00e9e Medio Fondo<br \/>\n&#8211; 12h00 &#8211; Heure d&#8217;arriv\u00e9e de v\u00e9lo de famille<br \/>\n&#8211; 13h00 &#8211; Heure d&#8217;arriv\u00e9e Marathon gagnant<br \/>\n&#8211; 14.00 &#8211; Prix vitrines du Gran Fondo Colnago de<br \/>\n&#8211; Concours Bourses de carri\u00e8re &#8211; 14.30<\/p>\n<p><img loading=\"lazy\" decoding=\"async\" class=\"alignnone wp-image-2040 size-medium\" title=\"Granfondo Colnago Cycling Festival\" src=\"https:\/\/www.hotel-in-sirmione.it\/wp-content\/uploads\/2015\/04\/granfondo-colnago-cycling-festival-300x212.jpg\" alt=\"Granfondo Colnago Cycling Festival\" width=\"300\" height=\"212\" srcset=\"https:\/\/www.hotel-in-sirmione.it\/wp-content\/uploads\/2015\/04\/granfondo-colnago-cycling-festival-300x212.jpg 300w, https:\/\/www.hotel-in-sirmione.it\/wp-content\/uploads\/2015\/04\/granfondo-colnago-cycling-festival-1024x723.jpg 1024w, https:\/\/www.hotel-in-sirmione.it\/wp-content\/uploads\/2015\/04\/granfondo-colnago-cycling-festival-768x542.jpg 768w, https:\/\/www.hotel-in-sirmione.it\/wp-content\/uploads\/2015\/04\/granfondo-colnago-cycling-festival.jpg 1190w\" sizes=\"auto, (max-width: 300px) 100vw, 300px\" \/><\/p>\n","protected":false},"excerpt":{"rendered":"<p>Granfondo Colnago Cycling Festival restera un \u00e9v\u00e9nement important et de nombreux participants,\u00a0Chaque [&hellip;]<\/p>\n","protected":false},"author":4,"featured_media":496,"comment_status":"open","ping_status":"open","sticky":false,"template":"","format":"standard","meta":{"footnotes":""},"categories":[140,287],"tags":[463,464],"class_list":["post-1559","post","type-post","status-publish","format-standard","has-post-thumbnail","hentry","category-evenements-au-sirmione","category-sport-competition-rassemblements","tag-manifestations-sportifs-garda","tag-velo-sur-le-garde"],"yoast_head":"<!-- This site is optimized with the Yoast SEO plugin v27.5 - https:\/\/yoast.com\/product\/yoast-seo-wordpress\/ -->\n<title>Granfondo Colnago | Desenzano | Lac de Garde<\/title>\n<meta name=\"description\" content=\"Gran Fondo Colnago Cycling Festival, un important \u00e9v\u00e9nement annuel du cyclisme sul Garda, une partie de Desenzano neuf kilom\u00e8tres de l&#039;h\u00f4tel \u00e0 Sirmione\" \/>\n<meta name=\"robots\" content=\"index, follow, max-snippet:-1, max-image-preview:large, max-video-preview:-1\" \/>\n<link rel=\"canonical\" href=\"https:\/\/www.hotel-in-sirmione.it\/fr\/granfondo-colnago-4\/\" \/>\n<meta property=\"og:locale\" content=\"fr_FR\" \/>\n<meta property=\"og:type\" content=\"article\" \/>\n<meta property=\"og:title\" content=\"Granfondo Colnago | Desenzano | Lac de Garde\" \/>\n<meta property=\"og:description\" content=\"Gran Fondo Colnago Cycling Festival, un important \u00e9v\u00e9nement annuel du cyclisme sul Garda, une partie de Desenzano neuf kilom\u00e8tres de l&#039;h\u00f4tel \u00e0 Sirmione\" \/>\n<meta property=\"og:url\" content=\"https:\/\/www.hotel-in-sirmione.it\/fr\/granfondo-colnago-4\/\" \/>\n<meta property=\"og:site_name\" content=\"Hotel in Sirmione\" \/>\n<meta property=\"article:published_time\" content=\"2015-03-15T10:01:48+00:00\" \/>\n<meta property=\"article:modified_time\" content=\"2017-02-22T02:31:34+00:00\" \/>\n<meta property=\"og:image\" content=\"https:\/\/www.hotel-in-sirmione.it\/wp-content\/uploads\/2015\/01\/eventi-granfondo-colnago.jpg\" \/>\n\t<meta property=\"og:image:width\" content=\"250\" \/>\n\t<meta property=\"og:image:height\" content=\"156\" \/>\n\t<meta property=\"og:image:type\" content=\"image\/jpeg\" \/>\n<meta name=\"author\" content=\"colorart\" \/>\n<meta name=\"twitter:label1\" content=\"Written by\" \/>\n\t<meta name=\"twitter:data1\" content=\"colorart\" \/>\n\t<meta name=\"twitter:label2\" content=\"Est. reading time\" \/>\n\t<meta name=\"twitter:data2\" content=\"2 minutes\" \/>\n<script type=\"application\/ld+json\" class=\"yoast-schema-graph\">{\"@context\":\"https:\\\/\\\/schema.org\",\"@graph\":[{\"@type\":\"Article\",\"@id\":\"https:\\\/\\\/www.hotel-in-sirmione.it\\\/fr\\\/granfondo-colnago-4\\\/#article\",\"isPartOf\":{\"@id\":\"https:\\\/\\\/www.hotel-in-sirmione.it\\\/fr\\\/granfondo-colnago-4\\\/\"},\"author\":{\"name\":\"colorart\",\"@id\":\"https:\\\/\\\/www.hotel-in-sirmione.it\\\/#\\\/schema\\\/person\\\/bdc2192040efccbbbaede82e2981c340\"},\"headline\":\"Granfondo Colnago\",\"datePublished\":\"2015-03-15T10:01:48+00:00\",\"dateModified\":\"2017-02-22T02:31:34+00:00\",\"mainEntityOfPage\":{\"@id\":\"https:\\\/\\\/www.hotel-in-sirmione.it\\\/fr\\\/granfondo-colnago-4\\\/\"},\"wordCount\":397,\"commentCount\":0,\"image\":{\"@id\":\"https:\\\/\\\/www.hotel-in-sirmione.it\\\/fr\\\/granfondo-colnago-4\\\/#primaryimage\"},\"thumbnailUrl\":\"https:\\\/\\\/www.hotel-in-sirmione.it\\\/wp-content\\\/uploads\\\/2015\\\/01\\\/eventi-granfondo-colnago.jpg\",\"keywords\":[\"Manifestations sportifs garda\",\"vel\u00f2 sur le garde\"],\"articleSection\":[\"\u00e9v\u00e9nements\",\"Sport-comp\u00e9tition-rassemblements\"],\"inLanguage\":\"fr-FR\",\"potentialAction\":[{\"@type\":\"CommentAction\",\"name\":\"Comment\",\"target\":[\"https:\\\/\\\/www.hotel-in-sirmione.it\\\/fr\\\/granfondo-colnago-4\\\/#respond\"]}]},{\"@type\":\"WebPage\",\"@id\":\"https:\\\/\\\/www.hotel-in-sirmione.it\\\/fr\\\/granfondo-colnago-4\\\/\",\"url\":\"https:\\\/\\\/www.hotel-in-sirmione.it\\\/fr\\\/granfondo-colnago-4\\\/\",\"name\":\"Granfondo Colnago | Desenzano | Lac de Garde\",\"isPartOf\":{\"@id\":\"https:\\\/\\\/www.hotel-in-sirmione.it\\\/#website\"},\"primaryImageOfPage\":{\"@id\":\"https:\\\/\\\/www.hotel-in-sirmione.it\\\/fr\\\/granfondo-colnago-4\\\/#primaryimage\"},\"image\":{\"@id\":\"https:\\\/\\\/www.hotel-in-sirmione.it\\\/fr\\\/granfondo-colnago-4\\\/#primaryimage\"},\"thumbnailUrl\":\"https:\\\/\\\/www.hotel-in-sirmione.it\\\/wp-content\\\/uploads\\\/2015\\\/01\\\/eventi-granfondo-colnago.jpg\",\"datePublished\":\"2015-03-15T10:01:48+00:00\",\"dateModified\":\"2017-02-22T02:31:34+00:00\",\"author\":{\"@id\":\"https:\\\/\\\/www.hotel-in-sirmione.it\\\/#\\\/schema\\\/person\\\/bdc2192040efccbbbaede82e2981c340\"},\"description\":\"Gran Fondo Colnago Cycling Festival, un important \u00e9v\u00e9nement annuel du cyclisme sul Garda, une partie de Desenzano neuf kilom\u00e8tres de l'h\u00f4tel \u00e0 Sirmione\",\"breadcrumb\":{\"@id\":\"https:\\\/\\\/www.hotel-in-sirmione.it\\\/fr\\\/granfondo-colnago-4\\\/#breadcrumb\"},\"inLanguage\":\"fr-FR\",\"potentialAction\":[{\"@type\":\"ReadAction\",\"target\":[\"https:\\\/\\\/www.hotel-in-sirmione.it\\\/fr\\\/granfondo-colnago-4\\\/\"]}]},{\"@type\":\"ImageObject\",\"inLanguage\":\"fr-FR\",\"@id\":\"https:\\\/\\\/www.hotel-in-sirmione.it\\\/fr\\\/granfondo-colnago-4\\\/#primaryimage\",\"url\":\"https:\\\/\\\/www.hotel-in-sirmione.it\\\/wp-content\\\/uploads\\\/2015\\\/01\\\/eventi-granfondo-colnago.jpg\",\"contentUrl\":\"https:\\\/\\\/www.hotel-in-sirmione.it\\\/wp-content\\\/uploads\\\/2015\\\/01\\\/eventi-granfondo-colnago.jpg\",\"width\":250,\"height\":156,\"caption\":\"granfondo-colnago\"},{\"@type\":\"BreadcrumbList\",\"@id\":\"https:\\\/\\\/www.hotel-in-sirmione.it\\\/fr\\\/granfondo-colnago-4\\\/#breadcrumb\",\"itemListElement\":[{\"@type\":\"ListItem\",\"position\":1,\"name\":\"Home\",\"item\":\"https:\\\/\\\/www.hotel-in-sirmione.it\\\/fr\\\/\"},{\"@type\":\"ListItem\",\"position\":2,\"name\":\"Granfondo Colnago\"}]},{\"@type\":\"WebSite\",\"@id\":\"https:\\\/\\\/www.hotel-in-sirmione.it\\\/#website\",\"url\":\"https:\\\/\\\/www.hotel-in-sirmione.it\\\/\",\"name\":\"Hotel in Sirmione\",\"description\":\"Un nuovo sito targato WordPress\",\"potentialAction\":[{\"@type\":\"SearchAction\",\"target\":{\"@type\":\"EntryPoint\",\"urlTemplate\":\"https:\\\/\\\/www.hotel-in-sirmione.it\\\/?s={search_term_string}\"},\"query-input\":{\"@type\":\"PropertyValueSpecification\",\"valueRequired\":true,\"valueName\":\"search_term_string\"}}],\"inLanguage\":\"fr-FR\"},{\"@type\":\"Person\",\"@id\":\"https:\\\/\\\/www.hotel-in-sirmione.it\\\/#\\\/schema\\\/person\\\/bdc2192040efccbbbaede82e2981c340\",\"name\":\"colorart\",\"url\":\"https:\\\/\\\/www.hotel-in-sirmione.it\\\/fr\\\/author\\\/colorart\\\/\"}]}<\/script>\n<!-- \/ Yoast SEO plugin. -->","yoast_head_json":{"title":"Granfondo Colnago | Desenzano | Lac de Garde","description":"Gran Fondo Colnago Cycling Festival, un important \u00e9v\u00e9nement annuel du cyclisme sul Garda, une partie de Desenzano neuf kilom\u00e8tres de l'h\u00f4tel \u00e0 Sirmione","robots":{"index":"index","follow":"follow","max-snippet":"max-snippet:-1","max-image-preview":"max-image-preview:large","max-video-preview":"max-video-preview:-1"},"canonical":"https:\/\/www.hotel-in-sirmione.it\/fr\/granfondo-colnago-4\/","og_locale":"fr_FR","og_type":"article","og_title":"Granfondo Colnago | Desenzano | Lac de Garde","og_description":"Gran Fondo Colnago Cycling Festival, un important \u00e9v\u00e9nement annuel du cyclisme sul Garda, une partie de Desenzano neuf kilom\u00e8tres de l'h\u00f4tel \u00e0 Sirmione","og_url":"https:\/\/www.hotel-in-sirmione.it\/fr\/granfondo-colnago-4\/","og_site_name":"Hotel in Sirmione","article_published_time":"2015-03-15T10:01:48+00:00","article_modified_time":"2017-02-22T02:31:34+00:00","og_image":[{"width":250,"height":156,"url":"https:\/\/www.hotel-in-sirmione.it\/wp-content\/uploads\/2015\/01\/eventi-granfondo-colnago.jpg","type":"image\/jpeg"}],"author":"colorart","twitter_misc":{"Written by":"colorart","Est. reading time":"2 minutes"},"schema":{"@context":"https:\/\/schema.org","@graph":[{"@type":"Article","@id":"https:\/\/www.hotel-in-sirmione.it\/fr\/granfondo-colnago-4\/#article","isPartOf":{"@id":"https:\/\/www.hotel-in-sirmione.it\/fr\/granfondo-colnago-4\/"},"author":{"name":"colorart","@id":"https:\/\/www.hotel-in-sirmione.it\/#\/schema\/person\/bdc2192040efccbbbaede82e2981c340"},"headline":"Granfondo Colnago","datePublished":"2015-03-15T10:01:48+00:00","dateModified":"2017-02-22T02:31:34+00:00","mainEntityOfPage":{"@id":"https:\/\/www.hotel-in-sirmione.it\/fr\/granfondo-colnago-4\/"},"wordCount":397,"commentCount":0,"image":{"@id":"https:\/\/www.hotel-in-sirmione.it\/fr\/granfondo-colnago-4\/#primaryimage"},"thumbnailUrl":"https:\/\/www.hotel-in-sirmione.it\/wp-content\/uploads\/2015\/01\/eventi-granfondo-colnago.jpg","keywords":["Manifestations sportifs garda","vel\u00f2 sur le garde"],"articleSection":["\u00e9v\u00e9nements","Sport-comp\u00e9tition-rassemblements"],"inLanguage":"fr-FR","potentialAction":[{"@type":"CommentAction","name":"Comment","target":["https:\/\/www.hotel-in-sirmione.it\/fr\/granfondo-colnago-4\/#respond"]}]},{"@type":"WebPage","@id":"https:\/\/www.hotel-in-sirmione.it\/fr\/granfondo-colnago-4\/","url":"https:\/\/www.hotel-in-sirmione.it\/fr\/granfondo-colnago-4\/","name":"Granfondo Colnago | Desenzano | Lac de Garde","isPartOf":{"@id":"https:\/\/www.hotel-in-sirmione.it\/#website"},"primaryImageOfPage":{"@id":"https:\/\/www.hotel-in-sirmione.it\/fr\/granfondo-colnago-4\/#primaryimage"},"image":{"@id":"https:\/\/www.hotel-in-sirmione.it\/fr\/granfondo-colnago-4\/#primaryimage"},"thumbnailUrl":"https:\/\/www.hotel-in-sirmione.it\/wp-content\/uploads\/2015\/01\/eventi-granfondo-colnago.jpg","datePublished":"2015-03-15T10:01:48+00:00","dateModified":"2017-02-22T02:31:34+00:00","author":{"@id":"https:\/\/www.hotel-in-sirmione.it\/#\/schema\/person\/bdc2192040efccbbbaede82e2981c340"},"description":"Gran Fondo Colnago Cycling Festival, un important \u00e9v\u00e9nement annuel du cyclisme sul Garda, une partie de Desenzano neuf kilom\u00e8tres de l'h\u00f4tel \u00e0 Sirmione","breadcrumb":{"@id":"https:\/\/www.hotel-in-sirmione.it\/fr\/granfondo-colnago-4\/#breadcrumb"},"inLanguage":"fr-FR","potentialAction":[{"@type":"ReadAction","target":["https:\/\/www.hotel-in-sirmione.it\/fr\/granfondo-colnago-4\/"]}]},{"@type":"ImageObject","inLanguage":"fr-FR","@id":"https:\/\/www.hotel-in-sirmione.it\/fr\/granfondo-colnago-4\/#primaryimage","url":"https:\/\/www.hotel-in-sirmione.it\/wp-content\/uploads\/2015\/01\/eventi-granfondo-colnago.jpg","contentUrl":"https:\/\/www.hotel-in-sirmione.it\/wp-content\/uploads\/2015\/01\/eventi-granfondo-colnago.jpg","width":250,"height":156,"caption":"granfondo-colnago"},{"@type":"BreadcrumbList","@id":"https:\/\/www.hotel-in-sirmione.it\/fr\/granfondo-colnago-4\/#breadcrumb","itemListElement":[{"@type":"ListItem","position":1,"name":"Home","item":"https:\/\/www.hotel-in-sirmione.it\/fr\/"},{"@type":"ListItem","position":2,"name":"Granfondo Colnago"}]},{"@type":"WebSite","@id":"https:\/\/www.hotel-in-sirmione.it\/#website","url":"https:\/\/www.hotel-in-sirmione.it\/","name":"Hotel in Sirmione","description":"Un nuovo sito targato WordPress","potentialAction":[{"@type":"SearchAction","target":{"@type":"EntryPoint","urlTemplate":"https:\/\/www.hotel-in-sirmione.it\/?s={search_term_string}"},"query-input":{"@type":"PropertyValueSpecification","valueRequired":true,"valueName":"search_term_string"}}],"inLanguage":"fr-FR"},{"@type":"Person","@id":"https:\/\/www.hotel-in-sirmione.it\/#\/schema\/person\/bdc2192040efccbbbaede82e2981c340","name":"colorart","url":"https:\/\/www.hotel-in-sirmione.it\/fr\/author\/colorart\/"}]}},"_links":{"self":[{"href":"https:\/\/www.hotel-in-sirmione.it\/fr\/wp-json\/wp\/v2\/posts\/1559","targetHints":{"allow":["GET"]}}],"collection":[{"href":"https:\/\/www.hotel-in-sirmione.it\/fr\/wp-json\/wp\/v2\/posts"}],"about":[{"href":"https:\/\/www.hotel-in-sirmione.it\/fr\/wp-json\/wp\/v2\/types\/post"}],"author":[{"embeddable":true,"href":"https:\/\/www.hotel-in-sirmione.it\/fr\/wp-json\/wp\/v2\/users\/4"}],"replies":[{"embeddable":true,"href":"https:\/\/www.hotel-in-sirmione.it\/fr\/wp-json\/wp\/v2\/comments?post=1559"}],"version-history":[{"count":4,"href":"https:\/\/www.hotel-in-sirmione.it\/fr\/wp-json\/wp\/v2\/posts\/1559\/revisions"}],"predecessor-version":[{"id":4159,"href":"https:\/\/www.hotel-in-sirmione.it\/fr\/wp-json\/wp\/v2\/posts\/1559\/revisions\/4159"}],"wp:featuredmedia":[{"embeddable":true,"href":"https:\/\/www.hotel-in-sirmione.it\/fr\/wp-json\/wp\/v2\/media\/496"}],"wp:attachment":[{"href":"https:\/\/www.hotel-in-sirmione.it\/fr\/wp-json\/wp\/v2\/media?parent=1559"}],"wp:term":[{"taxonomy":"category","embeddable":true,"href":"https:\/\/www.hotel-in-sirmione.it\/fr\/wp-json\/wp\/v2\/categories?post=1559"},{"taxonomy":"post_tag","embeddable":true,"href":"https:\/\/www.hotel-in-sirmione.it\/fr\/wp-json\/wp\/v2\/tags?post=1559"}],"curies":[{"name":"wp","href":"https:\/\/api.w.org\/{rel}","templated":true}]}}